{"id":879,"date":"2019-03-07T19:27:43","date_gmt":"2019-03-07T18:27:43","guid":{"rendered":"http:\/\/icaif.org\/?p=879"},"modified":"2019-03-07T19:27:43","modified_gmt":"2019-03-07T18:27:43","slug":"des-axolotl-a-pairi-daiza","status":"publish","type":"post","link":"https:\/\/icaif.org\/index.php\/2019\/03\/07\/des-axolotl-a-pairi-daiza\/","title":{"rendered":"Des axolotl \u00e0 Pairi Daiza !"},"content":{"rendered":"<p>C\u2019est sur son compte Facebook que Pairi Daiza a annonc\u00e9 la nouvelle\u00a0: une 35\u00e8me nouveaut\u00e9 s\u2019ajoute dans le parc pour la nouvelle saison. Il s\u2019agit des axolotls qui rejoignent les aquariums du Nautilus. \u00ab\u00a0L\u2019axolotl est un animal c\u00e9l\u00e8bre pour diff\u00e9rentes raisons\u00a0\u00bb, explique le parc dans son communiqu\u00e9.<\/p>\n<p><em>\u00ab\u00a0Cette esp\u00e8ce a la capacit\u00e9 de passer toute sa vie \u00e0 l\u2019\u00e9tat larvaire sans jamais se m\u00e9tamorphoser en adulte. L\u2019axolotl a aussi la capacit\u00e9 de r\u00e9g\u00e9n\u00e9rer ses organes si n\u00e9cessaire, un \u0153il par exemple, mais \u00e9galement de recr\u00e9er certaines parties de son cerveau en cas de destruction de celui-ci. L\u2019esp\u00e8ce est en situation critique selon la liste rouge de l\u2019IUCN (International Union for Conservation of Nature), \u00e0 cause de la destruction de son habitat et sa capture \u00e0 des fins m\u00e9dicales\u00a0\u00bb<\/em>, ajoute Pairi Daiza.<\/p>\n<h5><em>(Source : Sudinfo)<\/em><\/h5>\n","protected":false},"excerpt":{"rendered":"<p>C\u2019est sur son compte Facebook que Pairi Daiza a annonc\u00e9 la nouvelle\u00a0: une 35\u00e8me nouveaut\u00e9 s\u2019ajoute dans le parc pour la nouvelle saison. Il s\u2019agit des axolotls qui rejoignent les aquariums du Nautilus. \u00ab\u00a0L\u2019axolotl est un animal c\u00e9l\u00e8bre pour diff\u00e9rentes raisons\u00a0\u00bb, explique le parc dans son communiqu\u00e9. \u00ab\u00a0Cette esp\u00e8ce a<span class=\"more-link\"><a href=\"https:\/\/icaif.org\/index.php\/2019\/03\/07\/des-axolotl-a-pairi-daiza\/\">En savoir +<\/a><\/span><\/p>\n","protected":false},"author":1,"featured_media":880,"comment_status":"open","ping_status":"open","sticky":false,"template":"","format":"standard","meta":{"footnotes":""},"categories":[7],"tags":[],"class_list":["entry","author-admin7729","post-879","post","type-post","status-publish","format-standard","has-post-thumbnail","category-information"],"_links":{"self":[{"href":"https:\/\/icaif.org\/index.php\/wp-json\/wp\/v2\/posts\/879","targetHints":{"allow":["GET"]}}],"collection":[{"href":"https:\/\/icaif.org\/index.php\/wp-json\/wp\/v2\/posts"}],"about":[{"href":"https:\/\/icaif.org\/index.php\/wp-json\/wp\/v2\/types\/post"}],"author":[{"embeddable":true,"href":"https:\/\/icaif.org\/index.php\/wp-json\/wp\/v2\/users\/1"}],"replies":[{"embeddable":true,"href":"https:\/\/icaif.org\/index.php\/wp-json\/wp\/v2\/comments?post=879"}],"version-history":[{"count":1,"href":"https:\/\/icaif.org\/index.php\/wp-json\/wp\/v2\/posts\/879\/revisions"}],"predecessor-version":[{"id":881,"href":"https:\/\/icaif.org\/index.php\/wp-json\/wp\/v2\/posts\/879\/revisions\/881"}],"wp:featuredmedia":[{"embeddable":true,"href":"https:\/\/icaif.org\/index.php\/wp-json\/wp\/v2\/media\/880"}],"wp:attachment":[{"href":"https:\/\/icaif.org\/index.php\/wp-json\/wp\/v2\/media?parent=879"}],"wp:term":[{"taxonomy":"category","embeddable":true,"href":"https:\/\/icaif.org\/index.php\/wp-json\/wp\/v2\/categories?post=879"},{"taxonomy":"post_tag","embeddable":true,"href":"https:\/\/icaif.org\/index.php\/wp-json\/wp\/v2\/tags?post=879"}],"curies":[{"name":"wp","href":"https:\/\/api.w.org\/{rel}","templated":true}]}}