{"id":3000,"date":"2024-06-03T09:22:01","date_gmt":"2024-06-03T07:22:01","guid":{"rendered":"https:\/\/icaif.org\/?p=3000"},"modified":"2024-06-03T09:44:55","modified_gmt":"2024-06-03T07:44:55","slug":"stop-aux-especes-exotiques-envahissantes","status":"publish","type":"post","link":"https:\/\/icaif.org\/index.php\/2024\/06\/03\/stop-aux-especes-exotiques-envahissantes\/","title":{"rendered":"Stop aux esp\u00e8ces exotiques envahissantes !"},"content":{"rendered":"\n<figure class=\"wp-block-image size-large\"><img loading=\"lazy\" decoding=\"async\" width=\"724\" height=\"1024\" src=\"https:\/\/icaif.org\/wp-content\/uploads\/2024\/06\/Liste-especes-vegetales-envahissantes_1-724x1024.jpg\" alt=\"\" class=\"wp-image-3004\" srcset=\"https:\/\/icaif.org\/wp-content\/uploads\/2024\/06\/Liste-especes-vegetales-envahissantes_1-724x1024.jpg 724w, https:\/\/icaif.org\/wp-content\/uploads\/2024\/06\/Liste-especes-vegetales-envahissantes_1-600x849.jpg 600w, https:\/\/icaif.org\/wp-content\/uploads\/2024\/06\/Liste-especes-vegetales-envahissantes_1-212x300.jpg 212w, https:\/\/icaif.org\/wp-content\/uploads\/2024\/06\/Liste-especes-vegetales-envahissantes_1-768x1086.jpg 768w, https:\/\/icaif.org\/wp-content\/uploads\/2024\/06\/Liste-especes-vegetales-envahissantes_1-389x550.jpg 389w, https:\/\/icaif.org\/wp-content\/uploads\/2024\/06\/Liste-especes-vegetales-envahissantes_1-354x500.jpg 354w, https:\/\/icaif.org\/wp-content\/uploads\/2024\/06\/Liste-especes-vegetales-envahissantes_1-219x310.jpg 219w, https:\/\/icaif.org\/wp-content\/uploads\/2024\/06\/Liste-especes-vegetales-envahissantes_1-74x105.jpg 74w, https:\/\/icaif.org\/wp-content\/uploads\/2024\/06\/Liste-especes-vegetales-envahissantes_1.jpg 794w\" sizes=\"auto, (max-width: 724px) 100vw, 724px\" \/><\/figure>\n\n\n\n<figure class=\"wp-block-image size-large\"><img loading=\"lazy\" decoding=\"async\" width=\"724\" height=\"1024\" src=\"https:\/\/icaif.org\/wp-content\/uploads\/2024\/06\/Liste-especes-animales-envahissantes_1-724x1024.jpg\" alt=\"\" class=\"wp-image-3005\" srcset=\"https:\/\/icaif.org\/wp-content\/uploads\/2024\/06\/Liste-especes-animales-envahissantes_1-724x1024.jpg 724w, https:\/\/icaif.org\/wp-content\/uploads\/2024\/06\/Liste-especes-animales-envahissantes_1-600x849.jpg 600w, https:\/\/icaif.org\/wp-content\/uploads\/2024\/06\/Liste-especes-animales-envahissantes_1-212x300.jpg 212w, https:\/\/icaif.org\/wp-content\/uploads\/2024\/06\/Liste-especes-animales-envahissantes_1-768x1086.jpg 768w, https:\/\/icaif.org\/wp-content\/uploads\/2024\/06\/Liste-especes-animales-envahissantes_1-389x550.jpg 389w, https:\/\/icaif.org\/wp-content\/uploads\/2024\/06\/Liste-especes-animales-envahissantes_1-354x500.jpg 354w, https:\/\/icaif.org\/wp-content\/uploads\/2024\/06\/Liste-especes-animales-envahissantes_1-219x310.jpg 219w, https:\/\/icaif.org\/wp-content\/uploads\/2024\/06\/Liste-especes-animales-envahissantes_1-74x105.jpg 74w, https:\/\/icaif.org\/wp-content\/uploads\/2024\/06\/Liste-especes-animales-envahissantes_1.jpg 794w\" sizes=\"auto, (max-width: 724px) 100vw, 724px\" \/><\/figure>\n\n\n<p>Le SPW ARNE a lanc\u00e9 il y a peu une campagne de communication sur les esp\u00e8ces exotiques envahissantes \u00e0 destination du grand public. Elle vise \u00e0 promouvoir les bons gestes que tout un chacun peut adopter pour \u00e9viter d\u2019introduire et de propager les plantes et les animaux exotiques dans l\u2019environnement. Cette campagne prendra fin au mois d\u2019ao\u00fbt.<\/p>\n<p>Diff\u00e9rents supports de communication sont d\u00e9velopp\u00e9s dans ce cadre, y compris des articles th\u00e9matiques, des affiches, des d\u00e9pliants, un quiz ainsi que des supports vid\u00e9os. Toutes les informations y relatives sont disponibles sur le site de la campagne\u00a0:\u00a0<a href=\"https:\/\/stopenvahissantes.be\/\" data-saferedirecturl=\"https:\/\/www.google.com\/url?q=https:\/\/stopenvahissantes.be&amp;source=gmail&amp;ust=1717482113280000&amp;usg=AOvVaw22M7h2TODvl68k9zFSTBPC\">https:\/\/stopenvahissantes.be<\/a>\u00a0 ainsi que sur la\u00a0<a href=\"https:\/\/www.facebook.com\/spw.agri\/?locale=fr_FR\" data-saferedirecturl=\"https:\/\/www.google.com\/url?q=https:\/\/www.facebook.com\/spw.agri\/?locale%3Dfr_FR&amp;source=gmail&amp;ust=1717482113280000&amp;usg=AOvVaw2uJHmv99H30jiB9vWyk5XI\">page Facebook du SPW ARNE<\/a>, sur laquelle des posts sont r\u00e9guli\u00e8rement publi\u00e9s.<\/p>\n<p>Pour information, plusieurs articles d\u00e9j\u00e0 disponibles sur le site de la campagne en lien avec les plantes et les animaux exotiques dans les milieux aquatiques\u00a0:<\/p>\n<p><a href=\"https:\/\/stopenvahissantes.be\/home\/actualites\/actualites\/gare-aux-plantes-aquatiques-enva.html\" data-saferedirecturl=\"https:\/\/www.google.com\/url?q=https:\/\/stopenvahissantes.be\/home\/actualites\/actualites\/gare-aux-plantes-aquatiques-enva.html&amp;source=gmail&amp;ust=1717482113280000&amp;usg=AOvVaw3WKbIwZlGGj5Jn3fdAfcVp\">https:\/\/stopenvahissantes.be\/home\/actualites\/actualites\/gare-aux-plantes-aquatiques-enva.html<\/a><\/p>\n<p><a href=\"https:\/\/stopenvahissantes.be\/home\/actualites\/actualites\/attention-passagers-clandestins.html\" data-saferedirecturl=\"https:\/\/www.google.com\/url?q=https:\/\/stopenvahissantes.be\/home\/actualites\/actualites\/attention-passagers-clandestins.html&amp;source=gmail&amp;ust=1717482113280000&amp;usg=AOvVaw2lzs_DCNihnPeNPshfFhlb\">https:\/\/stopenvahissantes.be\/home\/actualites\/actualites\/attention-passagers-clandestins.html<\/a><\/p>\n<p><a href=\"https:\/\/stopenvahissantes.be\/home\/actualites\/actualites\/bien-se-renseigner-avant-d-achet.html\" data-saferedirecturl=\"https:\/\/www.google.com\/url?q=https:\/\/stopenvahissantes.be\/home\/actualites\/actualites\/bien-se-renseigner-avant-d-achet.html&amp;source=gmail&amp;ust=1717482113280000&amp;usg=AOvVaw1YCEiijTpFDYIwlxt44eDn\">https:\/\/stopenvahissantes.be\/home\/actualites\/actualites\/bien-se-renseigner-avant-d-achet.html<\/a><\/p>\n<p><a href=\"https:\/\/stopenvahissantes.be\/home\/actualites\/actualites\/preserver-l-equilibre-des-milieu.html\" data-saferedirecturl=\"https:\/\/www.google.com\/url?q=https:\/\/stopenvahissantes.be\/home\/actualites\/actualites\/preserver-l-equilibre-des-milieu.html&amp;source=gmail&amp;ust=1717482113280000&amp;usg=AOvVaw10dlxmJLcTmtkuGQSo3szY\">https:\/\/stopenvahissantes.be\/home\/actualites\/actualites\/preserver-l-equilibre-des-milieu.html<\/a><\/p>","protected":false},"excerpt":{"rendered":"<p>Le SPW ARNE a lanc\u00e9 il y a peu une campagne de communication sur les esp\u00e8ces exotiques envahissantes \u00e0 destination du grand public. Elle vise \u00e0 promouvoir les bons gestes que tout un chacun peut adopter pour \u00e9viter d\u2019introduire et de propager les plantes et les animaux exotiques dans l\u2019environnement.<span class=\"more-link\"><a href=\"https:\/\/icaif.org\/index.php\/2024\/06\/03\/stop-aux-especes-exotiques-envahissantes\/\">En savoir +<\/a><\/span><\/p>\n","protected":false},"author":2,"featured_media":0,"comment_status":"closed","ping_status":"closed","sticky":false,"template":"","format":"standard","meta":{"footnotes":""},"categories":[6],"tags":[49],"class_list":["entry","author-murieladmin2023","post-3000","post","type-post","status-publish","format-standard","category-communique-de-presse","tag-especes-envahissantes"],"_links":{"self":[{"href":"https:\/\/icaif.org\/index.php\/wp-json\/wp\/v2\/posts\/3000","targetHints":{"allow":["GET"]}}],"collection":[{"href":"https:\/\/icaif.org\/index.php\/wp-json\/wp\/v2\/posts"}],"about":[{"href":"https:\/\/icaif.org\/index.php\/wp-json\/wp\/v2\/types\/post"}],"author":[{"embeddable":true,"href":"https:\/\/icaif.org\/index.php\/wp-json\/wp\/v2\/users\/2"}],"replies":[{"embeddable":true,"href":"https:\/\/icaif.org\/index.php\/wp-json\/wp\/v2\/comments?post=3000"}],"version-history":[{"count":2,"href":"https:\/\/icaif.org\/index.php\/wp-json\/wp\/v2\/posts\/3000\/revisions"}],"predecessor-version":[{"id":3007,"href":"https:\/\/icaif.org\/index.php\/wp-json\/wp\/v2\/posts\/3000\/revisions\/3007"}],"wp:attachment":[{"href":"https:\/\/icaif.org\/index.php\/wp-json\/wp\/v2\/media?parent=3000"}],"wp:term":[{"taxonomy":"category","embeddable":true,"href":"https:\/\/icaif.org\/index.php\/wp-json\/wp\/v2\/categories?post=3000"},{"taxonomy":"post_tag","embeddable":true,"href":"https:\/\/icaif.org\/index.php\/wp-json\/wp\/v2\/tags?post=3000"}],"curies":[{"name":"wp","href":"https:\/\/api.w.org\/{rel}","templated":true}]}}