{"id":2389,"date":"2022-02-03T07:44:00","date_gmt":"2022-02-03T06:44:00","guid":{"rendered":"http:\/\/icaif.org\/?p=2389"},"modified":"2022-02-03T07:44:00","modified_gmt":"2022-02-03T06:44:00","slug":"rechauffement-climatique-les-coraux-quasi-certainement-condamnes-a-disparaitre","status":"publish","type":"post","link":"https:\/\/icaif.org\/index.php\/2022\/02\/03\/rechauffement-climatique-les-coraux-quasi-certainement-condamnes-a-disparaitre\/","title":{"rendered":"R\u00e9chauffement climatique: les coraux quasi certainement condamn\u00e9s \u00e0 dispara\u00eetre"},"content":{"rendered":"\n<p>Les r\u00e9cifs coralliens n\u00e9cessaires \u00e0 la survie d\u2019un demi milliard de personnes sont tr\u00e8s probablement condamn\u00e9s \u00e0 dispara\u00eetre en raison du r\u00e9chauffement climatique, m\u00eame si les objectifs de l\u2019accord de Paris sont atteints.<\/p>\n\n\n\n<p>Avec une hausse de la temp\u00e9rature moyenne de 1,5\u00baC par rapport \u00e0 l\u2019\u00e8re pr\u00e9-industrielle, l\u2019objectif le plus ambitieux de l\u2019accord de Paris de 2015, plus de 99\u00a0% des coraux seraient incapables de se remettre des vagues de chaleur marines de plus en plus fr\u00e9quentes, estEt avec un r\u00e9chauffement de 2\u00baC, leur mortalit\u00e9 serait de 100 %, selon les chercheurs qui ont utilis\u00e9 une toute nouvelle g\u00e9n\u00e9ration de mod\u00e8les climatiques analysant les oc\u00e9ans \u00e0 une r\u00e9solution d\u2019un km2.iment les auteurs de l\u2019\u00e9tude publi\u00e9e dans la revue PLOS Climate.<br>\u00ab La dure r\u00e9alit\u00e9 est qu\u2019il n\u2019y a pas de seuil de r\u00e9chauffement sans danger pour les r\u00e9cifs coralliens \u00bb, qui abritent un quart de la vie marine, commente l\u2019auteure principale Adele Dixon, de l\u2019universit\u00e9 de Leeds. \u00ab M\u00eame 1,5\u00baC est un r\u00e9chauffement trop important pour les \u00e9cosyst\u00e8mes en premi\u00e8re ligne face au r\u00e9chauffement \u00bb, dit-elle \u00e0 l\u2019AFP. L\u2019accord de Paris vise \u00e0 limiter le r\u00e9chauffement bien en de\u00e7\u00e0 de 2\u00baC, si possible \u00e0 1,5\u00baC.<br>Face \u00e0 la multiplication des canicules, temp\u00eates et inondations sur une plan\u00e8te qui a gagn\u00e9 pour l\u2019instant environ 1,1\u00baC, le seuil de +1,5\u00baC est de facto devenu le principal objectif. Mais il pourrait d\u00e9j\u00e0 \u00eatre atteint autour de 2030, selon le dernier rapport des experts climat de l\u2019ONU (Giec).<br>Dans un rapport pr\u00e9c\u00e9dent de 2018, le Giec pr\u00e9disait la disparition de 70 \u00e0 90 % des coraux \u00e0 +1,5\u00baC et de 99 % \u00e0 +2\u00baC. Des estimations trop optimistes, selon les r\u00e9sultats de la nouvelle \u00e9tude. \u00ab Nos recherches montrent que les coraux dans le monde entier seront encore plus menac\u00e9s par le changement climatique que nous ne le pensions \u00bb, souligne Adele Dixon.<br><br><br>Apr\u00e8s un \u00e9pisode de blanchissement li\u00e9 \u00e0 l\u2019augmentation de la temp\u00e9rature de l\u2019eau, les r\u00e9cifs ont en g\u00e9n\u00e9ral besoin d\u2019au moins dix ans pour s\u2019en remettre, si tous les autres facteurs (qualit\u00e9 de l\u2019eau par exemple) sont \u00ab optimaux \u00bb, note Maria Beger, une autre auteure de l\u2019\u00e9tude. Mais le r\u00e9chauffement qui multiplie les vagues de chaleur marine rend impossible ce temps de r\u00e9cup\u00e9ration. \u00ab Nous estimons qu\u2019\u00e0 +1,5\u00baC, plus de 99 % des r\u00e9cifs coralliens seront expos\u00e9s \u00e0 un stress thermique intol\u00e9rable et 100 % \u00e0 +2\u00baC \u00bb, d\u00e9clare-t-elle \u00e0 l\u2019AFP.<br>En raison du r\u00e9chauffement et de la pollution, 14 % des coraux ont disparu entre 2009 et 2018, transformant les paysages sous-marins vibrants de couleurs et de vie en des cimeti\u00e8res de squelettes blanchis, selon de r\u00e9centes recherches.<br>La Grande Barri\u00e8re de corail australienne a subi cinq \u00e9pisodes majeurs de blanchissement ces 25 derni\u00e8res ann\u00e9es.<br>Et selon une \u00e9tude d\u2019experts de l\u2019Administration am\u00e9ricaine pour les oc\u00e9ans et l\u2019atmosph\u00e8re (NOAA), pas encore parue mais obtenue par l\u2019AFP, la Grande Barri\u00e8re a \u00e9t\u00e9 victime en novembre et d\u00e9cembre d\u2019une nouvelle vague de chaleur sans pr\u00e9c\u00e9dent.<\/p>\n\n\n\n<p class=\"has-text-align-right\"><em><strong>(Source : Sudpresse)<\/strong><\/em><\/p>\n\n\n\n<p><\/p>\n\n\n\n<p><\/p>\n","protected":false},"excerpt":{"rendered":"<p>Les r\u00e9cifs coralliens n\u00e9cessaires \u00e0 la survie d\u2019un demi milliard de personnes sont tr\u00e8s probablement condamn\u00e9s \u00e0 dispara\u00eetre en raison du r\u00e9chauffement climatique, m\u00eame si les objectifs de l\u2019accord de Paris sont atteints. Avec une hausse de la temp\u00e9rature moyenne de 1,5\u00baC par rapport \u00e0 l\u2019\u00e8re pr\u00e9-industrielle, l\u2019objectif le plus<span class=\"more-link\"><a href=\"https:\/\/icaif.org\/index.php\/2022\/02\/03\/rechauffement-climatique-les-coraux-quasi-certainement-condamnes-a-disparaitre\/\">En savoir +<\/a><\/span><\/p>\n","protected":false},"author":1,"featured_media":2390,"comment_status":"closed","ping_status":"closed","sticky":false,"template":"","format":"standard","meta":{"footnotes":""},"categories":[13],"tags":[],"class_list":["entry","author-admin7729","post-2389","post","type-post","status-publish","format-standard","has-post-thumbnail","category-le-saviez-vous"],"_links":{"self":[{"href":"https:\/\/icaif.org\/index.php\/wp-json\/wp\/v2\/posts\/2389","targetHints":{"allow":["GET"]}}],"collection":[{"href":"https:\/\/icaif.org\/index.php\/wp-json\/wp\/v2\/posts"}],"about":[{"href":"https:\/\/icaif.org\/index.php\/wp-json\/wp\/v2\/types\/post"}],"author":[{"embeddable":true,"href":"https:\/\/icaif.org\/index.php\/wp-json\/wp\/v2\/users\/1"}],"replies":[{"embeddable":true,"href":"https:\/\/icaif.org\/index.php\/wp-json\/wp\/v2\/comments?post=2389"}],"version-history":[{"count":1,"href":"https:\/\/icaif.org\/index.php\/wp-json\/wp\/v2\/posts\/2389\/revisions"}],"predecessor-version":[{"id":2391,"href":"https:\/\/icaif.org\/index.php\/wp-json\/wp\/v2\/posts\/2389\/revisions\/2391"}],"wp:featuredmedia":[{"embeddable":true,"href":"https:\/\/icaif.org\/index.php\/wp-json\/wp\/v2\/media\/2390"}],"wp:attachment":[{"href":"https:\/\/icaif.org\/index.php\/wp-json\/wp\/v2\/media?parent=2389"}],"wp:term":[{"taxonomy":"category","embeddable":true,"href":"https:\/\/icaif.org\/index.php\/wp-json\/wp\/v2\/categories?post=2389"},{"taxonomy":"post_tag","embeddable":true,"href":"https:\/\/icaif.org\/index.php\/wp-json\/wp\/v2\/tags?post=2389"}],"curies":[{"name":"wp","href":"https:\/\/api.w.org\/{rel}","templated":true}]}}