{"id":225,"date":"2018-11-19T17:55:05","date_gmt":"2018-11-19T16:55:05","guid":{"rendered":"http:\/\/icaif.org\/?p=225"},"modified":"2018-11-19T17:59:38","modified_gmt":"2018-11-19T16:59:38","slug":"especes-exotiques-envahissantes","status":"publish","type":"post","link":"https:\/\/icaif.org\/index.php\/2018\/11\/19\/especes-exotiques-envahissantes\/","title":{"rendered":"Esp\u00e8ces exotiques envahissantes"},"content":{"rendered":"<p><strong>Liste officielle des esp\u00e8ces envahissantes soumises au vote de l&rsquo;U.E.<\/strong><br \/>\nLe bureau \u00ab\u00a0Esp\u00e8ces Exotiques Envahissantes\u00a0\u00bb du minist\u00e8re de la transition \u00e9cologique et solidaire nous communique la liste des esp\u00e8ces aquatiques (faune et flore) qui seront propos\u00e9es au vote de l&rsquo;Union Europ\u00e9enne le 14 d\u00e9cembre prochain.<\/p>\n<p>Quelques modifications ont \u00e9t\u00e9 apport\u00e9es par rapport \u00e0 la liste provisoire qui nous avait \u00e9t\u00e9 communiqu\u00e9e en ao\u00fbt 2018.<\/p>\n<p>Seuls, 2 poissons seront soumis au vote : <em>Lepomis gibbosus<\/em> et <em>Plotosus lineatus<\/em> (ce dernier devait \u00eatre soumis en 2019).<br \/>\n<em>Ameiurus melas<\/em>, <em>Ameiurus nebulosus<\/em> et <em>Chana argus<\/em>, pr\u00e9vus \u00e0 l&rsquo;origine, sont retir\u00e9s de la liste pour cette ann\u00e9e.<\/p>\n<p>Une fois le r\u00e8glement d&rsquo;ex\u00e9cution publi\u00e9, ces esp\u00e8ces seront ins\u00e9r\u00e9es dans l&rsquo;arr\u00eat\u00e9 du 14 f\u00e9vrier 2018 et de fait soumises \u00e0 interdiction de d\u00e9tention (tol\u00e9r\u00e9e cependant pour les animaux sous r\u00e9serve de d\u00e9tention confin\u00e9e et d&rsquo;absence de reproduction), transport, commercialisation, introduction dans le milieu naturel, &#8230;<\/p>\n<blockquote><p>Liste provisoire<\/p><\/blockquote>\n<div id=\"maininner\" class=\"grid-box\">\n<section id=\"content\" class=\"grid-block\">\n<div id=\"system\">\n<article class=\"item\" data-permalink=\"http:\/\/www.fedeaqua.org\/c-est-la-loi\/1209-especes-exotiques-envahissantes\">\n<div class=\"content clearfix\">\n<table>\n<tbody>\n<tr>\n<td>\u00a0<a class=\"jcepopup jcemediabox-image\" href=\"http:\/\/www.fedeaqua.org\/images\/nouveau_site\/Plantes\/Gymnocoronis_spilanthoides.jpg\" target=\"_blank\" rel=\"noopener noreferrer\"><span class=\"jcemediabox-zoom-span\"><img loading=\"lazy\" decoding=\"async\" class=\" thumbnail\" src=\"http:\/\/www.fedeaqua.org\/images\/thumbnails\/images\/nouveau_site\/Plantes\/Gymnocoronis_spilanthoides-fill-250x167.jpg\" alt=\"Gymnocoronis spilanthoides\" width=\"250\" height=\"167\" \/><\/span><\/a><\/td>\n<td>\n<p style=\"text-align: left;\"><strong><em>Gymnocoronis spilanthoides <\/em><\/strong>(Faux hygrophile)<br \/>\n<strong>Asteraceae<\/strong><\/p>\n<p style=\"text-align: left;\">Plante originaire d&rsquo;Am\u00e9rique tropicale et sub-tropicale.<br \/>\nSemi-aquatique dans la nature, elle prosp\u00e8re immerg\u00e9e en aquarium.<\/p>\n<\/td>\n<\/tr>\n<tr>\n<td>\u00a0<a class=\"jcepopup jcemediabox-image\" href=\"http:\/\/www.fedeaqua.org\/images\/nouveau_site\/Plantes\/Pistia_statiotes.jpg\" target=\"_blank\" rel=\"noopener noreferrer\"><span class=\"jcemediabox-zoom-span\"><img loading=\"lazy\" decoding=\"async\" class=\" thumbnail\" src=\"http:\/\/www.fedeaqua.org\/images\/thumbnails\/images\/nouveau_site\/Plantes\/Pistia_statiotes-fill-250x133.jpg\" alt=\"Pistia statiotes\" width=\"250\" height=\"133\" \/><\/span><\/a><\/td>\n<td><strong><em>Pistia stratiotes<\/em><\/strong><br \/>\n<strong>Araceae<\/strong>Plante flottante \u00e0 multiplication v\u00e9g\u00e9tative rapide, affectionnant les<br \/>\nplans d&rsquo;eau ou cours d&rsquo;eau lents, capable de former tr\u00e8s rapidement<br \/>\ndes tapis tr\u00e8s denses.<\/td>\n<\/tr>\n<tr>\n<td>\u00a0<a class=\"jcepopup jcemediabox-image\" href=\"http:\/\/www.fedeaqua.org\/images\/nouveau_site\/Plantes\/Salvinia_molesta.jpg\" target=\"_blank\" rel=\"noopener noreferrer\"><span class=\"jcemediabox-zoom-span\"><img loading=\"lazy\" decoding=\"async\" class=\" thumbnail\" src=\"http:\/\/www.fedeaqua.org\/images\/thumbnails\/images\/nouveau_site\/Plantes\/Salvinia_molesta-fill-250x214.jpg\" alt=\"Salvinia molesta\" width=\"250\" height=\"214\" \/><\/span><\/a><\/td>\n<td><em><strong>Salvinia molesta<\/strong><br \/>\n<\/em><strong>Salviniaceae<\/strong><em><br \/>\n<\/em>Plante flottante libre originaire de Br\u00e9sil. Elle est capable de se<br \/>\nreproduire \u00e0 partir de fragments de feuilles. Forme des tapis<br \/>\npouvant atteindre 50 cm d&rsquo;\u00e9paisseur.<\/td>\n<\/tr>\n<tr>\n<td>\u00a0<a class=\"jcepopup jcemediabox-image\" href=\"http:\/\/www.fedeaqua.org\/images\/nouveau_site\/Eau_douce\/Ictalurides\/Ameiurus_melas.jpg\" target=\"_blank\" rel=\"noopener noreferrer\"><span class=\"jcemediabox-zoom-span\"><img loading=\"lazy\" decoding=\"async\" class=\" thumbnail\" src=\"http:\/\/www.fedeaqua.org\/images\/thumbnails\/images\/nouveau_site\/Eau_douce\/Ictalurides\/Ameiurus_melas-fill-250x188.jpg\" alt=\"Ameiurus melas\" width=\"250\" height=\"188\" \/><\/span><\/a><\/td>\n<td><strong><em>Ameiurus melas<\/em><\/strong> (Poisson chat)<em><br \/>\n<\/em><strong>Ictaluridae<\/strong><em><br \/>\n<\/em>Esp\u00e8ce d&rsquo;eau calme originaire d&rsquo;Am\u00e9rique nord introduite en<br \/>\nFrance \u00e0 la fin du XIX<sup>\u00e8<\/sup> si\u00e8cle.<br \/>\nTr\u00e8s r\u00e9sistante, consid\u00e9r\u00e9e nuisible, son introduction, sa<br \/>\nd\u00e9tention et son transport sont interdits en France.<\/td>\n<\/tr>\n<tr>\n<td>\u00a0<a class=\"thumbnail zoomin\" title=\"Ameiurus nebulosus\" href=\"http:\/\/www.fedeaqua.org\/images\/nouveau_site\/Eau_douce\/Ictalurides\/Ameiurus_nebulosus.jpg\" rel=\"lightbox-com_content_article_1209\"><img loading=\"lazy\" decoding=\"async\" class=\"\" src=\"http:\/\/www.fedeaqua.org\/images\/thumbnails\/images\/nouveau_site\/Eau_douce\/Ictalurides\/Ameiurus_nebulosus-fill-250x155.jpg\" alt=\"Ameiurus nebulosus\" width=\"250\" height=\"155\" \/><\/a><\/td>\n<td><em><strong>Ameiurus nebulosus<\/strong><br \/>\n<\/em><strong>Ictaluridae<\/strong><em><br \/>\n<\/em>Esp\u00e8ce originaire d&rsquo;Am\u00e9rique du nord. Tr\u00e8s r\u00e9sistante,<br \/>\ncapable de s&rsquo;envaser pour survivre.<br \/>\nPr\u00e9f\u00e8re les eaux stagnantes ou tr\u00e8s calmes.<\/td>\n<\/tr>\n<tr>\n<td>\u00a0<a class=\"jcepopup jcemediabox-image\" href=\"http:\/\/www.fedeaqua.org\/images\/nouveau_site\/Eau_douce\/Channides\/Channa_argus.jpg\" target=\"_blank\" rel=\"noopener noreferrer\"><span class=\"jcemediabox-zoom-span\"><img loading=\"lazy\" decoding=\"async\" class=\" thumbnail\" src=\"http:\/\/www.fedeaqua.org\/images\/thumbnails\/images\/nouveau_site\/Eau_douce\/Channides\/Channa_argus-fill-250x133.jpg\" alt=\"Channa argus\" width=\"250\" height=\"133\" \/><\/span><\/a><\/td>\n<td><em><strong>Chana argus<\/strong><br \/>\n<\/em><strong>Channidae<\/strong><em><br \/>\n<\/em>Esp\u00e8ce carnivore originaire de Cor\u00e9e et de Chine.<br \/>\nSeule esp\u00e8ce de Channa pouvant \u00e9ventuellement vivre dans<br \/>\nnos eaux<\/td>\n<\/tr>\n<tr>\n<td><a class=\"jcepopup jcemediabox-image\" href=\"http:\/\/www.fedeaqua.org\/images\/nouveau_site\/Eau_douce\/Centrachides\/Lepomis_gibbosus.jpg\" target=\"_blank\" rel=\"noopener noreferrer\"><span class=\"jcemediabox-zoom-span\"><img loading=\"lazy\" decoding=\"async\" class=\" thumbnail\" src=\"http:\/\/www.fedeaqua.org\/images\/thumbnails\/images\/nouveau_site\/Eau_douce\/Centrachides\/Lepomis_gibbosus-fill-250x149.jpg\" alt=\"Lepomis gibbosus\" width=\"250\" height=\"149\" \/><\/span><\/a><\/td>\n<td><em><strong>Lepomis gibbosus<\/strong> <\/em>(Perche soleil)<em><br \/>\n<\/em><strong>Centrarchidae<\/strong><em><br \/>\n<\/em>Originaire du nord-est de l&rsquo;Am\u00e9rique, <em>L. gibbosus<\/em> a \u00e9t\u00e9 introduit en<br \/>\nEurope fin du XIX\u00e8 si\u00e8cle.<br \/>\nTr\u00e8s vorace, l&rsquo;esp\u00e8ce est class\u00e9e nuisible en France. De ce fait,<br \/>\nelle ne peut \u00eatre d\u00e9tenue, transport\u00e9e vivante ou introduite<br \/>\ndans nos eaux.<\/td>\n<\/tr>\n<\/tbody>\n<\/table>\n<p><strong>Esp\u00e8ces propos\u00e9es en 2018, soumises au vote communautaire en 2019<\/strong><\/p>\n<table>\n<tbody>\n<tr>\n<td><a class=\"jcepopup jcemediabox-image\" href=\"http:\/\/www.fedeaqua.org\/images\/nouveau_site\/Eau_douce\/Poecilide\/Gambusia_affinis.jpg\" target=\"_blank\" rel=\"noopener noreferrer\"><span class=\"jcemediabox-zoom-span\"><img loading=\"lazy\" decoding=\"async\" class=\" thumbnail\" src=\"http:\/\/www.fedeaqua.org\/images\/thumbnails\/images\/nouveau_site\/Eau_douce\/Poecilide\/Gambusia_affinis-fill-250x105.jpg\" alt=\"Gambusia affinis\" width=\"250\" height=\"105\" \/><\/span><\/a><\/td>\n<td><em><strong>Gambusia affinis<\/strong> <\/em>(Gambusie)<em><br \/>\n<\/em><strong>Poeciliidae<\/strong><em><br \/>\n<\/em>La gambusie a \u00e9t\u00e9 introduite notamment dans le sud de la France<br \/>\net en Corse pour lutter contre les moutiques. Ovovivipare, elle se<br \/>\nrencontre en eau douce ou saum\u00e2tre.<\/td>\n<\/tr>\n<tr>\n<td>\u00a0<a class=\"jcepopup jcemediabox-image\" href=\"http:\/\/www.fedeaqua.org\/images\/nouveau_site\/Eau_douce\/Poecilide\/Gambusia_holbrooki.jpg\" target=\"_blank\" rel=\"noopener noreferrer\"><span class=\"jcemediabox-zoom-span\"><img loading=\"lazy\" decoding=\"async\" class=\" thumbnail\" src=\"http:\/\/www.fedeaqua.org\/images\/thumbnails\/images\/nouveau_site\/Eau_douce\/Poecilide\/Gambusia_holbrooki-fill-250x89.jpg\" alt=\"Gambusia holbrooki\" width=\"250\" height=\"89\" \/><\/span><\/a><\/td>\n<td><em><strong>Gambusia holbrooki<\/strong><br \/>\n<\/em><strong>Poeciliidae<\/strong><em><br \/>\n<\/em>M\u00eames remarques que pour <em>Gambusia affinis<\/em>.<br \/>\nCertains auteurs la consid\u00e8re comme sous-esp\u00e8ce de cette derni\u00e8re.<\/td>\n<\/tr>\n<tr>\n<td>\u00a0<a class=\"jcepopup jcemediabox-image\" href=\"http:\/\/www.fedeaqua.org\/images\/nouveau_site\/Eau_douce\/Mollusques\/Limnoperna_fortunei.jpg\" target=\"_blank\" rel=\"noopener noreferrer\"><span class=\"jcemediabox-zoom-span\"><img loading=\"lazy\" decoding=\"async\" class=\" thumbnail\" src=\"http:\/\/www.fedeaqua.org\/images\/thumbnails\/images\/nouveau_site\/Eau_douce\/Mollusques\/Limnoperna_fortunei-fill-250x188.jpg\" alt=\"Limnoperna fortunei\" width=\"250\" height=\"188\" \/><\/span><\/a><\/td>\n<td><strong><em>Limnoperna fortunei<br \/>\n<\/em>Mitilidae<em><br \/>\n<\/em><\/strong>Bivalve d&rsquo;eau douce originaire de Chine.<\/td>\n<\/tr>\n<tr>\n<td>\u00a0<a class=\"jcepopup jcemediabox-image\" href=\"http:\/\/www.fedeaqua.org\/images\/nouveau_site\/Eau_douce\/Crustaces\/Orchonectes_rusticus.jpg\" target=\"_blank\" rel=\"noopener noreferrer\"><span class=\"jcemediabox-zoom-span\"><img loading=\"lazy\" decoding=\"async\" class=\" thumbnail\" src=\"http:\/\/www.fedeaqua.org\/images\/thumbnails\/images\/nouveau_site\/Eau_douce\/Crustaces\/Orchonectes_rusticus-fill-250x167.jpg\" alt=\"Orchonectes rusticus\" width=\"250\" height=\"167\" \/><\/span><\/a><\/td>\n<td><strong><em>Orconectes rusticus <\/em><\/strong>(Ecrevisse \u00e0 taches rouges)<em><br \/>\n<\/em><strong>Cambaridae<\/strong>Caract\u00e9ris\u00e9e par une tache rouille \u00e0 la base du c\u00e9phalothorax.<br \/>\nOriginaire d&rsquo;Am\u00e9rique du Nord elle colonise cours et plans<br \/>\nd&rsquo;eau au d\u00e9triment d&rsquo;esp\u00e8ces indig\u00e8nes.<\/td>\n<\/tr>\n<tr>\n<td>\u00a0<a class=\"jcepopup jcemediabox-image\" href=\"http:\/\/www.fedeaqua.org\/images\/nouveau_site\/Eau_de_mer\/Plotosid%C3%A9\/Plotosus_lineatus.jpg\" target=\"_blank\" rel=\"noopener noreferrer\"><span class=\"jcemediabox-zoom-span\"><img loading=\"lazy\" decoding=\"async\" class=\"\" src=\"http:\/\/www.fedeaqua.org\/images\/nouveau_site\/Eau_de_mer\/Plotosid\u00e9\/Plotosus_lineatus.jpg\" alt=\"Plotosus lineatus\" width=\"250\" height=\"164\" \/><\/span><\/a><\/td>\n<td><em><strong>Plotosus lineatus<\/strong><\/em> (Poisson chat ray\u00e9)<em><br \/>\n<\/em><strong>Plotosidae<\/strong><em><br \/>\n<\/em>Pr\u00e9sent dans l&rsquo;oc\u00e9an indien et en Mer Rouge, peut faire des<br \/>\nincursions en eau douce. Certains citent sa pr\u00e9sence dans le<br \/>\nlac Malawi et les eaux douces malgaches ! (m\u00eame esp\u00e8ce ?)<\/td>\n<\/tr>\n<\/tbody>\n<\/table>\n<p><strong>Esp\u00e8ces propos\u00e9es au vote communautaire en 2020 (date limite de soumission : 10 f\u00e9vrier 2019)<\/strong><\/p>\n<table>\n<tbody>\n<tr>\n<td>\u00a0<a class=\"jcepopup jcemediabox-image\" href=\"http:\/\/www.fedeaqua.org\/images\/nouveau_site\/Eau_douce\/Fundulide\/Fundulus_heteroclitus.jpg\" target=\"_blank\" rel=\"noopener noreferrer\"><span class=\"jcemediabox-zoom-span\"><img loading=\"lazy\" decoding=\"async\" class=\" thumbnail\" src=\"http:\/\/www.fedeaqua.org\/images\/thumbnails\/images\/nouveau_site\/Eau_douce\/Fundulide\/Fundulus_heteroclitus-fill-250x188.jpg\" alt=\"Fundulus heteroclitus\" width=\"250\" height=\"188\" \/><\/span><\/a><\/td>\n<td><em><strong>Fundulus heteroclitus<\/strong><\/em> (Choquemort<em>)<br \/>\n<\/em><strong>Fundulidae<\/strong><em><br \/>\n<\/em>Originaire de l&rsquo;est de l&rsquo;Am\u00e9rique du nord, o\u00f9 l&rsquo;esp\u00e8ce fr\u00e9quente\u00a0 les<br \/>\nestuaires et les eaux saum\u00e2tres.<\/td>\n<\/tr>\n<tr>\n<td>\u00a0<a class=\"jcepopup jcemediabox-image\" href=\"http:\/\/www.fedeaqua.org\/images\/nouveau_site\/Eau_de_mer\/Crustaces\/Hemigrapsus_sanguineus.jpg\" target=\"_blank\" rel=\"noopener noreferrer\"><span class=\"jcemediabox-zoom-span\"><img loading=\"lazy\" decoding=\"async\" class=\" thumbnail\" src=\"http:\/\/www.fedeaqua.org\/images\/thumbnails\/images\/nouveau_site\/Eau_de_mer\/Crustaces\/Hemigrapsus_sanguineus-fill-250x144.jpg\" alt=\"Hemigrapsus sanguineus\" width=\"250\" height=\"144\" \/><\/span><\/a><\/td>\n<td><em><strong>Hemigrapsus sanguineus<\/strong><br \/>\n<\/em><strong>Varunidae<\/strong><em><br \/>\n<\/em>Crabe originaire du nord-ouest de l&rsquo;oc\u00e9an Pacifique de la Russie<br \/>\n\u00e0 Hong Kong, Japon, Cor\u00e9e et Chine. L&rsquo;esp\u00e8ce appara\u00eet en France<br \/>\nen 1998 et a colonis\u00e9 les c\u00f4tes sud de la mer du Nord ainsi que<br \/>\nles c\u00f4tes de la Manche, jusqu&rsquo;au sud-ouest du Cotentin. Elle a<br \/>\n\u00e9galement \u00e9t\u00e9 observ\u00e9e dans le nord de l\u2019Adriatique en<br \/>\nM\u00e9diterran\u00e9e ainsi qu\u2019en mer Noire.&nbsp;<\/td>\n<\/tr>\n<tr>\n<td>\u00a0<a class=\"jcepopup jcemediabox-image\" href=\"http:\/\/www.fedeaqua.org\/images\/nouveau_site\/Eau_de_mer\/Tetraodontides\/Lagocephalus_sceleratus.jpg\" target=\"_blank\" rel=\"noopener noreferrer\"><span class=\"jcemediabox-zoom-span\"><img loading=\"lazy\" decoding=\"async\" class=\" thumbnail\" src=\"http:\/\/www.fedeaqua.org\/images\/thumbnails\/images\/nouveau_site\/Eau_de_mer\/Tetraodontides\/Lagocephalus_sceleratus-fill-250x107.jpg\" alt=\"Lagocephalus sceleratus\" width=\"250\" height=\"107\" \/><\/span><\/a><\/td>\n<td><em><strong>Lagocephalus sceleratus<\/strong> <\/em>(Poisson lapin)<em><br \/>\n<\/em><strong>Tetraodontidae<\/strong><em><br \/>\n<\/em>Originaire des eaux tropicales et \u00e9quatoriales des oc\u00e9ans Indien<br \/>\net Pacifique, l&rsquo;esp\u00e8ce a migr\u00e9 de la mer Rouge \u00e0 la M\u00e9diterran\u00e9e<br \/>\norientale par le canal de Suez. Apr\u00e8s avoir colonis\u00e9 les eaux<br \/>\nc\u00f4ti\u00e8res isra\u00ebliennes et turques elle a \u00e9t\u00e9 p\u00each\u00e9e en France, au<br \/>\nlarge de Gruissan (Aude),en 2014.<\/td>\n<\/tr>\n<tr>\n<td>\u00a0<a class=\"jcepopup jcemediabox-image\" href=\"http:\/\/www.fedeaqua.org\/images\/nouveau_site\/Eau_de_mer\/Moronides\/Morone_americana.jpg\" target=\"_blank\" rel=\"noopener noreferrer\"><span class=\"jcemediabox-zoom-span\"><img loading=\"lazy\" decoding=\"async\" class=\" thumbnail\" src=\"http:\/\/www.fedeaqua.org\/images\/thumbnails\/images\/nouveau_site\/Eau_de_mer\/Moronides\/Morone_americana-fill-250x134.jpg\" alt=\"Morone americana\" width=\"250\" height=\"134\" \/><\/span><\/a><\/td>\n<td><em><strong>Morone americana<\/strong> <\/em>(Baret)<em><br \/>\n<\/em><strong>Moronidae<\/strong><em><br \/>\n<\/em>Originaire des eaux saum\u00e2tres et estuairesde la c\u00f4te est de<br \/>\nd&rsquo;Am\u00e9rique du nord, le baret remonte en eau douce pour se<br \/>\nreproduire.<\/td>\n<\/tr>\n<tr>\n<td>\u00a0<a class=\"jcepopup jcemediabox-image\" href=\"http:\/\/www.fedeaqua.org\/images\/nouveau_site\/Eau_de_mer\/Mollusques\/Perna_viridis.jpg\" target=\"_blank\" rel=\"noopener noreferrer\"><span class=\"jcemediabox-zoom-span\"><img loading=\"lazy\" decoding=\"async\" class=\" thumbnail\" src=\"http:\/\/www.fedeaqua.org\/images\/thumbnails\/images\/nouveau_site\/Eau_de_mer\/Mollusques\/Perna_viridis-fill-250x188.jpg\" alt=\"Perna viridis\" width=\"250\" height=\"188\" \/><\/span><\/a><\/td>\n<td><em><strong>Perna viridis<\/strong> <\/em>(Moule verte asiatique)<em><br \/>\n<\/em><strong>Mytilidae<\/strong><span id=\"result_box\" class=\"\" lang=\"fr\"><span class=\"\">Se trouve dans les eaux c\u00f4ti\u00e8res de indo-pacifique.<\/span> Elle est<br \/>\n<\/span><span id=\"result_box\" class=\"\" lang=\"fr\">introduite<span class=\"\"> dans d&rsquo;autres zones evia des coques de bateau<br \/>\net des ballasts.<br \/>\n<\/span><\/span><\/td>\n<\/tr>\n<tr>\n<td>\u00a0<a class=\"jcepopup jcemediabox-image\" href=\"http:\/\/www.fedeaqua.org\/images\/nouveau_site\/Eau_de_mer\/Mollusques\/Rapana_venosa.jpg\" target=\"_blank\" rel=\"noopener noreferrer\"><span class=\"jcemediabox-zoom-span\"><img loading=\"lazy\" decoding=\"async\" class=\" thumbnail\" src=\"http:\/\/www.fedeaqua.org\/images\/thumbnails\/images\/nouveau_site\/Eau_de_mer\/Mollusques\/Rapana_venosa-fill-250x173.jpg\" alt=\"Rapana venosa\" width=\"250\" height=\"173\" \/><\/span><\/a><\/td>\n<td><em><strong>Rapana venosa<\/strong><\/em> (Murex de la Mer Noire<em><br \/>\n<\/em><strong>Muricidae<\/strong><em><br \/>\n<\/em>Esp\u00e8ce originaire de la mer Jaune, des mers de Chine<br \/>\net du Japon. Elle est signal\u00e9e1948 dans la mer Noire,<br \/>\nprobablement introduite par l&rsquo;interm\u00e9diaire des ballasts des bateaux.<\/td>\n<\/tr>\n<\/tbody>\n<\/table>\n<\/div>\n<\/article>\n<\/div>\n<\/section>\n<\/div>\n<aside id=\"sidebar-a\" class=\"grid-box\">\n<div class=\"grid-box width100 grid-v\">\n<div class=\"module mod-box deepest\">\n<p>Source : http:\/\/www.fedeaqua.org<\/p>\n<\/div>\n<\/div>\n<\/aside>\n","protected":false},"excerpt":{"rendered":"<p>Liste officielle des esp\u00e8ces envahissantes soumises au vote de l&rsquo;U.E. Le bureau \u00ab\u00a0Esp\u00e8ces Exotiques Envahissantes\u00a0\u00bb du minist\u00e8re de la transition \u00e9cologique et solidaire nous communique la liste des esp\u00e8ces aquatiques (faune et flore) qui seront propos\u00e9es au vote de l&rsquo;Union Europ\u00e9enne le 14 d\u00e9cembre prochain. Quelques modifications ont \u00e9t\u00e9 apport\u00e9es<span class=\"more-link\"><a href=\"https:\/\/icaif.org\/index.php\/2018\/11\/19\/especes-exotiques-envahissantes\/\">En savoir +<\/a><\/span><\/p>\n","protected":false},"author":1,"featured_media":227,"comment_status":"open","ping_status":"open","sticky":false,"template":"","format":"standard","meta":{"footnotes":""},"categories":[7],"tags":[],"class_list":["entry","author-admin7729","post-225","post","type-post","status-publish","format-standard","has-post-thumbnail","category-information"],"_links":{"self":[{"href":"https:\/\/icaif.org\/index.php\/wp-json\/wp\/v2\/posts\/225","targetHints":{"allow":["GET"]}}],"collection":[{"href":"https:\/\/icaif.org\/index.php\/wp-json\/wp\/v2\/posts"}],"about":[{"href":"https:\/\/icaif.org\/index.php\/wp-json\/wp\/v2\/types\/post"}],"author":[{"embeddable":true,"href":"https:\/\/icaif.org\/index.php\/wp-json\/wp\/v2\/users\/1"}],"replies":[{"embeddable":true,"href":"https:\/\/icaif.org\/index.php\/wp-json\/wp\/v2\/comments?post=225"}],"version-history":[{"count":3,"href":"https:\/\/icaif.org\/index.php\/wp-json\/wp\/v2\/posts\/225\/revisions"}],"predecessor-version":[{"id":229,"href":"https:\/\/icaif.org\/index.php\/wp-json\/wp\/v2\/posts\/225\/revisions\/229"}],"wp:featuredmedia":[{"embeddable":true,"href":"https:\/\/icaif.org\/index.php\/wp-json\/wp\/v2\/media\/227"}],"wp:attachment":[{"href":"https:\/\/icaif.org\/index.php\/wp-json\/wp\/v2\/media?parent=225"}],"wp:term":[{"taxonomy":"category","embeddable":true,"href":"https:\/\/icaif.org\/index.php\/wp-json\/wp\/v2\/categories?post=225"},{"taxonomy":"post_tag","embeddable":true,"href":"https:\/\/icaif.org\/index.php\/wp-json\/wp\/v2\/tags?post=225"}],"curies":[{"name":"wp","href":"https:\/\/api.w.org\/{rel}","templated":true}]}}